{"id":23,"date":"2011-03-21T12:47:59","date_gmt":"2011-03-21T11:47:59","guid":{"rendered":"https:\/\/www.priegorural.es\/blog\/?p=23"},"modified":"2011-03-22T20:14:30","modified_gmt":"2011-03-22T19:14:30","slug":"ii-mercado-medieval-de-priego-de-cordoba","status":"publish","type":"post","link":"https:\/\/www.priegorural.es\/blog\/ii-mercado-medieval-de-priego-de-cordoba\/","title":{"rendered":"II Mercado Medieval de Priego de C\u00f3rdoba"},"content":{"rendered":"<p><img loading=\"lazy\" decoding=\"async\" class=\"alignright size-full wp-image-24\" title=\"II Mercado Medieval de Priego de C\u00f3rdoba\" src=\"https:\/\/www.priegorural.es\/blog\/wp-content\/uploads\/2011\/03\/2-mercado-medieval-priego.jpg\" alt=\"II Mercado Medieval de Priego de C\u00f3rdoba\" width=\"250\" height=\"492\" srcset=\"https:\/\/www.priegorural.es\/blog\/wp-content\/uploads\/2011\/03\/2-mercado-medieval-priego.jpg 250w, https:\/\/www.priegorural.es\/blog\/wp-content\/uploads\/2011\/03\/2-mercado-medieval-priego-152x300.jpg 152w\" sizes=\"auto, (max-width: 250px) 100vw, 250px\" \/>En el <strong>Llano del Castillo de Priego de C\u00f3rdoba<\/strong> durante los d\u00edas <strong>2 y 3 de Abril<\/strong> se selebrar\u00e1 el <strong>II Mercado Medieval de Priego de C\u00f3rdoba<\/strong>.<\/p>\n<p>El horario ser\u00e1 <strong>de 11 a 22 horas<\/strong>.<\/p>\n<p>El s\u00e1bado 2 de Abril a las 11 horas tendr\u00e1 lugar la apertura del mercado medieval con un pasacalle que anunciar\u00e1 este acontecimiento.<\/p>\n<p>Durante el horario del mercado, las actividades y demostraciones de los talleres artesanales estar\u00e1n acompa\u00f1ados por espect\u00e1culos y representaciones diversas, entre las que podemos destacar:<\/p>\n<ul>\n<li>Grupo de Teatro.<\/li>\n<li>Grupo de M\u00fasica Medieval.<\/li>\n<li>Espect\u00e1culo de Cetrer\u00eda.<\/li>\n<li>Parque infantil. Carrusel.<\/li>\n<li>Paseo de Ocas.<\/li>\n<li>Exposici\u00f3n de Aperos de Labranza.<\/li>\n<\/ul>\n<p>Tambi\u00e9n se realizar\u00e1n demostraciones en los diferentes talleres.<\/p>\n<p>Todo ello animado con m\u00fasicos, personajes de la \u00e9poca y talleres demostrativos que har\u00e1n las delicias de mayores y peque\u00f1os, creando un magn\u00edfico ambiente festivo e hist\u00f3rico.<\/p>\n<p>Mas informaci\u00f3n:<\/p>\n<p>Oficina de Turismo de Priego de C\u00f3rdoba<\/p>\n<p>Plaza de la Constituci\u00f3n, 3<\/p>\n<p>Tlf.: 957 700 625<\/p>\n<p><a title=\"www.turismodepriego.com\" href=\"http:\/\/www.turismodepriego.com\" target=\"_blank\">www.turismodepriego.com<\/a><\/p>\n<p>&nbsp;<\/p>\n","protected":false},"excerpt":{"rendered":"<p>En el Llano del Castillo de Priego de C\u00f3rdoba durante los d\u00edas 2 y 3 de Abril se selebrar\u00e1 el II Mercado Medieval de Priego de C\u00f3rdoba. El horario ser\u00e1 de 11 a 22 horas. El s\u00e1bado 2 de Abril a las 11 horas tendr\u00e1 lugar la apertura del mercado medieval con un pasacalle que [&hellip;]<\/p>\n","protected":false},"author":2,"featured_media":0,"comment_status":"open","ping_status":"open","sticky":false,"template":"","format":"standard","meta":{"footnotes":""},"categories":[8,3],"tags":[13,12,7],"class_list":["post-23","post","type-post","status-publish","format-standard","hentry","category-actividades","category-eventos","tag-actividades","tag-eventos","tag-turismo"],"aioseo_notices":[],"_links":{"self":[{"href":"https:\/\/www.priegorural.es\/blog\/wp-json\/wp\/v2\/posts\/23","targetHints":{"allow":["GET"]}}],"collection":[{"href":"https:\/\/www.priegorural.es\/blog\/wp-json\/wp\/v2\/posts"}],"about":[{"href":"https:\/\/www.priegorural.es\/blog\/wp-json\/wp\/v2\/types\/post"}],"author":[{"embeddable":true,"href":"https:\/\/www.priegorural.es\/blog\/wp-json\/wp\/v2\/users\/2"}],"replies":[{"embeddable":true,"href":"https:\/\/www.priegorural.es\/blog\/wp-json\/wp\/v2\/comments?post=23"}],"version-history":[{"count":1,"href":"https:\/\/www.priegorural.es\/blog\/wp-json\/wp\/v2\/posts\/23\/revisions"}],"predecessor-version":[{"id":25,"href":"https:\/\/www.priegorural.es\/blog\/wp-json\/wp\/v2\/posts\/23\/revisions\/25"}],"wp:attachment":[{"href":"https:\/\/www.priegorural.es\/blog\/wp-json\/wp\/v2\/media?parent=23"}],"wp:term":[{"taxonomy":"category","embeddable":true,"href":"https:\/\/www.priegorural.es\/blog\/wp-json\/wp\/v2\/categories?post=23"},{"taxonomy":"post_tag","embeddable":true,"href":"https:\/\/www.priegorural.es\/blog\/wp-json\/wp\/v2\/tags?post=23"}],"curies":[{"name":"wp","href":"https:\/\/api.w.org\/{rel}","templated":true}]}}